{"id":1033,"date":"2018-02-25T19:37:41","date_gmt":"2018-02-25T19:37:41","guid":{"rendered":"https:\/\/archaeologicalfieldcamps-portugal.en.pt.emerita.pt\/wp\/?p=1033"},"modified":"2022-12-21T12:37:31","modified_gmt":"2022-12-21T12:37:31","slug":"congresso-linhas-defensivas","status":"publish","type":"post","link":"https:\/\/archaeologicalfieldcamps-portugal.en.pt.emerita.pt\/wp\/2018\/02\/25\/congresso-linhas-defensivas\/","title":{"rendered":"Congresso Internacional Arqueologia e Hist\u00f3ria -As Linhas defensivas entre o s\u00e9culo XVII e Napole\u00e3o"},"content":{"rendered":"\t\t<div data-elementor-type=\"wp-post\" data-elementor-id=\"1033\" class=\"elementor elementor-1033\">\n\t\t\t\t\t\t<section class=\"elementor-section elementor-top-section elementor-element elementor-element-ad2c6ea elementor-section-boxed elementor-section-height-default elementor-section-height-default\" data-id=\"ad2c6ea\" data-element_type=\"section\" data-e-type=\"section\">\n\t\t\t\t\t\t<div class=\"elementor-container elementor-column-gap-default\">\n\t\t\t\t\t<div class=\"elementor-column elementor-col-100 elementor-top-column elementor-element elementor-element-48581ac\" data-id=\"48581ac\" data-element_type=\"column\" data-e-type=\"column\">\n\t\t\t<div class=\"elementor-widget-wrap elementor-element-populated\">\n\t\t\t\t\t\t<div class=\"elementor-element elementor-element-2907f59 elementor-widget elementor-widget-image\" data-id=\"2907f59\" data-element_type=\"widget\" data-e-type=\"widget\" data-widget_type=\"image.default\">\n\t\t\t\t<div class=\"elementor-widget-container\">\n\t\t\t\t\t\t\t\t\t\t\t\t\t\t\t<img fetchpriority=\"high\" decoding=\"async\" width=\"690\" height=\"109\" src=\"https:\/\/archaeologicalfieldcamps-portugal.en.pt.emerita.pt\/wp\/wp-content\/uploads\/2021\/02\/5762173_orig-2-768x121.jpg\" class=\"attachment-medium_large size-medium_large wp-image-1053\" alt=\"\" srcset=\"https:\/\/archaeologicalfieldcamps-portugal.en.pt.emerita.pt\/wp\/wp-content\/uploads\/2021\/02\/5762173_orig-2-768x121.jpg 768w, https:\/\/archaeologicalfieldcamps-portugal.en.pt.emerita.pt\/wp\/wp-content\/uploads\/2021\/02\/5762173_orig-2-300x47.jpg 300w, https:\/\/archaeologicalfieldcamps-portugal.en.pt.emerita.pt\/wp\/wp-content\/uploads\/2021\/02\/5762173_orig-2-1024x161.jpg 1024w, https:\/\/archaeologicalfieldcamps-portugal.en.pt.emerita.pt\/wp\/wp-content\/uploads\/2021\/02\/5762173_orig-2.jpg 1036w\" sizes=\"(max-width: 690px) 100vw, 690px\" \/>\t\t\t\t\t\t\t\t\t\t\t\t\t\t\t<\/div>\n\t\t\t\t<\/div>\n\t\t\t\t\t<\/div>\n\t\t<\/div>\n\t\t\t\t\t<\/div>\n\t\t<\/section>\n\t\t\t\t<section class=\"elementor-section elementor-top-section elementor-element elementor-element-8404cf8 elementor-section-boxed elementor-section-height-default elementor-section-height-default\" data-id=\"8404cf8\" data-element_type=\"section\" data-e-type=\"section\">\n\t\t\t\t\t\t<div class=\"elementor-container elementor-column-gap-default\">\n\t\t\t\t\t<div class=\"elementor-column elementor-col-100 elementor-top-column elementor-element elementor-element-8682268\" data-id=\"8682268\" data-element_type=\"column\" data-e-type=\"column\">\n\t\t\t<div class=\"elementor-widget-wrap elementor-element-populated\">\n\t\t\t\t\t\t<div class=\"elementor-element elementor-element-7a10f3e elementor-widget elementor-widget-text-editor\" data-id=\"7a10f3e\" data-element_type=\"widget\" data-e-type=\"widget\" data-widget_type=\"text-editor.default\">\n\t\t\t\t<div class=\"elementor-widget-container\">\n\t\t\t\t\t\t\t\t\t<p style=\"text-align: center;\"><span style=\"font-size: 14pt; font-family: arial, helvetica, sans-serif;\"><strong>Informa\u00e7\u00e3o acerca do Congresso Internacional de Arqueologia e Hist\u00f3ria &#8211; As Linhas defensivas entre o s\u00e9culo XVII e Napole\u00e3o.<\/strong><\/span><\/p>\t\t\t\t\t\t\t\t<\/div>\n\t\t\t\t<\/div>\n\t\t\t\t\t<\/div>\n\t\t<\/div>\n\t\t\t\t\t<\/div>\n\t\t<\/section>\n\t\t\t\t<section class=\"elementor-section elementor-top-section elementor-element elementor-element-77b4b53 elementor-section-boxed elementor-section-height-default elementor-section-height-default\" data-id=\"77b4b53\" data-element_type=\"section\" data-e-type=\"section\">\n\t\t\t\t\t\t<div class=\"elementor-container elementor-column-gap-default\">\n\t\t\t\t\t<div class=\"elementor-column elementor-col-50 elementor-top-column elementor-element elementor-element-636d1bd\" data-id=\"636d1bd\" data-element_type=\"column\" data-e-type=\"column\">\n\t\t\t<div class=\"elementor-widget-wrap elementor-element-populated\">\n\t\t\t\t\t\t<div class=\"elementor-element elementor-element-9c7505d elementor-widget elementor-widget-text-editor\" data-id=\"9c7505d\" data-element_type=\"widget\" data-e-type=\"widget\" data-widget_type=\"text-editor.default\">\n\t\t\t\t<div class=\"elementor-widget-container\">\n\t\t\t\t\t\t\t\t\t<ul><li>Apresenta\u00e7\u00e3o <a href=\"https:\/\/emerita.pt\/wp-content\/uploads\/CAPN\/Apresenta\u00e7ao.pdf\"><strong>(PDF)<\/strong><\/a><\/li><li>Organiza\u00e7\u00e3o <strong><a href=\"https:\/\/emerita.pt\/wp-content\/uploads\/CAPN\/Organiza\u00e7\u00e3o.pdf\">(PDF)<\/a><\/strong><\/li><li>Comiss\u00e3o Cient\u00edfica <a href=\"https:\/\/emerita.pt\/wp-content\/uploads\/CAPN\/ComissaoCientifica_POR.pdf\"><strong>(PDF)<\/strong><\/a><\/li><li>Comiss\u00e3o de Honra <a href=\"https:\/\/emerita.pt\/wp-content\/uploads\/CAPN\/ComissaoHonra_POR.pdf\"><strong>(PDF)<\/strong><\/a><\/li><li>Resumos <a href=\"https:\/\/emerita.pt\/wp-content\/uploads\/CAPN\/Resumos.pdf\"><strong>(PDF)<\/strong><\/a><\/li><li>Parceiros <a href=\"https:\/\/emerita.pt\/wp-content\/uploads\/CAPN\/Parceiros.pdf\"><strong>(PDF)<\/strong><\/a><\/li><li>Textos Projeto LTDM <strong><a href=\"https:\/\/emerita.pt\/wp-content\/uploads\/CAPN\/Textos_LTDM.pdf\">(PDF)<\/a><\/strong><\/li><li>Roteiro fotogr\u00e1fico\u00a0<strong><a href=\"https:\/\/emerita.pt\/wp-content\/uploads\/CAPN\/Roteiro_fotografico_Congresso_Linhas_Defensivas.pdf\" target=\"_blank\" rel=\"noopener\">(PDF)<\/a><\/strong><\/li><\/ul>\t\t\t\t\t\t\t\t<\/div>\n\t\t\t\t<\/div>\n\t\t\t\t\t<\/div>\n\t\t<\/div>\n\t\t\t\t<div class=\"elementor-column elementor-col-50 elementor-top-column elementor-element elementor-element-12fd4e0\" data-id=\"12fd4e0\" data-element_type=\"column\" data-e-type=\"column\">\n\t\t\t<div class=\"elementor-widget-wrap elementor-element-populated\">\n\t\t\t\t\t\t<div class=\"elementor-element elementor-element-327e437 elementor-widget elementor-widget-text-editor\" data-id=\"327e437\" data-element_type=\"widget\" data-e-type=\"widget\" data-widget_type=\"text-editor.default\">\n\t\t\t\t<div class=\"elementor-widget-container\">\n\t\t\t\t\t\t\t\t\t<ul><li>Presentation <a href=\"https:\/\/emerita.pt\/wp-content\/uploads\/CAPN\/Presentation.pdf\"><strong>(PDF)<\/strong><\/a><\/li><li>Organization <a href=\"https:\/\/emerita.pt\/wp-content\/uploads\/CAPN\/Organization.pdf\"><strong>(PDF)<\/strong><\/a><\/li><li>Scientific Committee <a href=\"https:\/\/emerita.pt\/wp-content\/uploads\/CAPN\/ComissaoCientifica_ING.pdf\"><strong>(PDF)<\/strong><\/a><\/li><li>Honor Committee <a href=\"https:\/\/emerita.pt\/wp-content\/uploads\/CAPN\/ComissaoHonra_ING.pdf\"><strong>(PDF)<\/strong><\/a><\/li><li>Lectures <a href=\"https:\/\/emerita.pt\/wp-content\/uploads\/CAPN\/Lectures_Congress_defLines.pdf\"><strong>(PDF)<\/strong><\/a><\/li><li>Partners <a href=\"https:\/\/emerita.pt\/wp-content\/uploads\/CAPN\/Partners.pdf\"><strong>(PDF)<\/strong><\/a><\/li><li>Texts LTDM Project <a href=\"https:\/\/emerita.pt\/wp-content\/uploads\/CAPN\/Texts_LDTM_Project.pdf\"><strong>(PDF)<\/strong><\/a><\/li><\/ul>\t\t\t\t\t\t\t\t<\/div>\n\t\t\t\t<\/div>\n\t\t\t\t\t<\/div>\n\t\t<\/div>\n\t\t\t\t\t<\/div>\n\t\t<\/section>\n\t\t\t\t<section class=\"elementor-section elementor-top-section elementor-element elementor-element-9b623e7 elementor-section-boxed elementor-section-height-default elementor-section-height-default\" data-id=\"9b623e7\" data-element_type=\"section\" data-e-type=\"section\">\n\t\t\t\t\t\t<div class=\"elementor-container elementor-column-gap-default\">\n\t\t\t\t\t<div class=\"elementor-column elementor-col-50 elementor-top-column elementor-element elementor-element-5dd222f\" data-id=\"5dd222f\" data-element_type=\"column\" data-e-type=\"column\">\n\t\t\t<div class=\"elementor-widget-wrap elementor-element-populated\">\n\t\t\t\t\t\t<div class=\"elementor-element elementor-element-03dab05 elementor-widget elementor-widget-image\" data-id=\"03dab05\" data-element_type=\"widget\" data-e-type=\"widget\" data-widget_type=\"image.default\">\n\t\t\t\t<div class=\"elementor-widget-container\">\n\t\t\t\t\t\t\t\t\t\t\t\t<figure class=\"wp-caption\">\n\t\t\t\t\t\t\t\t\t\t<img decoding=\"async\" width=\"690\" height=\"976\" src=\"https:\/\/archaeologicalfieldcamps-portugal.en.pt.emerita.pt\/wp\/wp-content\/uploads\/2021\/02\/Programa-724x1024.jpg\" class=\"attachment-large size-large wp-image-1070\" alt=\"\" srcset=\"https:\/\/archaeologicalfieldcamps-portugal.en.pt.emerita.pt\/wp\/wp-content\/uploads\/2021\/02\/Programa-724x1024.jpg 724w, https:\/\/archaeologicalfieldcamps-portugal.en.pt.emerita.pt\/wp\/wp-content\/uploads\/2021\/02\/Programa-212x300.jpg 212w, https:\/\/archaeologicalfieldcamps-portugal.en.pt.emerita.pt\/wp\/wp-content\/uploads\/2021\/02\/Programa-768x1086.jpg 768w, https:\/\/archaeologicalfieldcamps-portugal.en.pt.emerita.pt\/wp\/wp-content\/uploads\/2021\/02\/Programa-1086x1536.jpg 1086w, https:\/\/archaeologicalfieldcamps-portugal.en.pt.emerita.pt\/wp\/wp-content\/uploads\/2021\/02\/Programa.jpg 1200w\" sizes=\"(max-width: 690px) 100vw, 690px\" \/>\t\t\t\t\t\t\t\t\t\t\t<figcaption class=\"widget-image-caption wp-caption-text\">Programa<\/figcaption>\n\t\t\t\t\t\t\t\t\t\t<\/figure>\n\t\t\t\t\t\t\t\t\t<\/div>\n\t\t\t\t<\/div>\n\t\t\t\t\t<\/div>\n\t\t<\/div>\n\t\t\t\t<div class=\"elementor-column elementor-col-50 elementor-top-column elementor-element elementor-element-74d01d6\" data-id=\"74d01d6\" data-element_type=\"column\" data-e-type=\"column\">\n\t\t\t<div class=\"elementor-widget-wrap elementor-element-populated\">\n\t\t\t\t\t\t<div class=\"elementor-element elementor-element-2b4f4e3 elementor-widget elementor-widget-image\" data-id=\"2b4f4e3\" data-element_type=\"widget\" data-e-type=\"widget\" data-widget_type=\"image.default\">\n\t\t\t\t<div class=\"elementor-widget-container\">\n\t\t\t\t\t\t\t\t\t\t\t\t<figure class=\"wp-caption\">\n\t\t\t\t\t\t\t\t\t\t<img decoding=\"async\" width=\"690\" height=\"976\" src=\"https:\/\/archaeologicalfieldcamps-portugal.en.pt.emerita.pt\/wp\/wp-content\/uploads\/2021\/02\/Cartaz-1-724x1024.jpg\" class=\"attachment-large size-large wp-image-1069\" alt=\"\" srcset=\"https:\/\/archaeologicalfieldcamps-portugal.en.pt.emerita.pt\/wp\/wp-content\/uploads\/2021\/02\/Cartaz-1-724x1024.jpg 724w, https:\/\/archaeologicalfieldcamps-portugal.en.pt.emerita.pt\/wp\/wp-content\/uploads\/2021\/02\/Cartaz-1-212x300.jpg 212w, https:\/\/archaeologicalfieldcamps-portugal.en.pt.emerita.pt\/wp\/wp-content\/uploads\/2021\/02\/Cartaz-1-768x1087.jpg 768w, https:\/\/archaeologicalfieldcamps-portugal.en.pt.emerita.pt\/wp\/wp-content\/uploads\/2021\/02\/Cartaz-1-1086x1536.jpg 1086w, https:\/\/archaeologicalfieldcamps-portugal.en.pt.emerita.pt\/wp\/wp-content\/uploads\/2021\/02\/Cartaz-1.jpg 1200w\" sizes=\"(max-width: 690px) 100vw, 690px\" \/>\t\t\t\t\t\t\t\t\t\t\t<figcaption class=\"widget-image-caption wp-caption-text\">Oradores<\/figcaption>\n\t\t\t\t\t\t\t\t\t\t<\/figure>\n\t\t\t\t\t\t\t\t\t<\/div>\n\t\t\t\t<\/div>\n\t\t\t\t\t<\/div>\n\t\t<\/div>\n\t\t\t\t\t<\/div>\n\t\t<\/section>\n\t\t\t\t<section class=\"elementor-section elementor-top-section elementor-element elementor-element-764ff0d elementor-section-boxed elementor-section-height-default elementor-section-height-default\" data-id=\"764ff0d\" data-element_type=\"section\" data-e-type=\"section\">\n\t\t\t\t\t\t<div class=\"elementor-container elementor-column-gap-default\">\n\t\t\t\t\t<div class=\"elementor-column elementor-col-50 elementor-top-column elementor-element elementor-element-4c3c9e9\" data-id=\"4c3c9e9\" data-element_type=\"column\" data-e-type=\"column\">\n\t\t\t<div class=\"elementor-widget-wrap elementor-element-populated\">\n\t\t\t\t\t\t<div class=\"elementor-element elementor-element-8dbec3b elementor-widget elementor-widget-image\" data-id=\"8dbec3b\" data-element_type=\"widget\" data-e-type=\"widget\" data-widget_type=\"image.default\">\n\t\t\t\t<div class=\"elementor-widget-container\">\n\t\t\t\t\t\t\t\t\t\t\t\t<figure class=\"wp-caption\">\n\t\t\t\t\t\t\t\t\t\t<img loading=\"lazy\" decoding=\"async\" width=\"690\" height=\"488\" src=\"https:\/\/archaeologicalfieldcamps-portugal.en.pt.emerita.pt\/wp\/wp-content\/uploads\/2021\/02\/Cong_LinhasDefesivas_2oAn_POR-1024x724.jpg\" class=\"attachment-large size-large wp-image-519\" alt=\"\" srcset=\"https:\/\/archaeologicalfieldcamps-portugal.en.pt.emerita.pt\/wp\/wp-content\/uploads\/2021\/02\/Cong_LinhasDefesivas_2oAn_POR-1024x724.jpg 1024w, https:\/\/archaeologicalfieldcamps-portugal.en.pt.emerita.pt\/wp\/wp-content\/uploads\/2021\/02\/Cong_LinhasDefesivas_2oAn_POR-300x212.jpg 300w, https:\/\/archaeologicalfieldcamps-portugal.en.pt.emerita.pt\/wp\/wp-content\/uploads\/2021\/02\/Cong_LinhasDefesivas_2oAn_POR-768x543.jpg 768w, https:\/\/archaeologicalfieldcamps-portugal.en.pt.emerita.pt\/wp\/wp-content\/uploads\/2021\/02\/Cong_LinhasDefesivas_2oAn_POR-1536x1086.jpg 1536w, https:\/\/archaeologicalfieldcamps-portugal.en.pt.emerita.pt\/wp\/wp-content\/uploads\/2021\/02\/Cong_LinhasDefesivas_2oAn_POR-2048x1448.jpg 2048w\" sizes=\"(max-width: 690px) 100vw, 690px\" \/>\t\t\t\t\t\t\t\t\t\t\t<figcaption class=\"widget-image-caption wp-caption-text\">Cartaz_PT<\/figcaption>\n\t\t\t\t\t\t\t\t\t\t<\/figure>\n\t\t\t\t\t\t\t\t\t<\/div>\n\t\t\t\t<\/div>\n\t\t\t\t\t<\/div>\n\t\t<\/div>\n\t\t\t\t<div class=\"elementor-column elementor-col-50 elementor-top-column elementor-element elementor-element-1ce58e4\" data-id=\"1ce58e4\" data-element_type=\"column\" data-e-type=\"column\">\n\t\t\t<div class=\"elementor-widget-wrap elementor-element-populated\">\n\t\t\t\t\t\t<div class=\"elementor-element elementor-element-3468e1f elementor-widget elementor-widget-image\" data-id=\"3468e1f\" data-element_type=\"widget\" data-e-type=\"widget\" data-widget_type=\"image.default\">\n\t\t\t\t<div class=\"elementor-widget-container\">\n\t\t\t\t\t\t\t\t\t\t\t\t<figure class=\"wp-caption\">\n\t\t\t\t\t\t\t\t\t\t<img loading=\"lazy\" decoding=\"async\" width=\"690\" height=\"488\" src=\"https:\/\/archaeologicalfieldcamps-portugal.en.pt.emerita.pt\/wp\/wp-content\/uploads\/2021\/02\/Cong_LinhasDefensivas_2oAn_ING-1024x724.jpg\" class=\"attachment-large size-large wp-image-520\" alt=\"\" srcset=\"https:\/\/archaeologicalfieldcamps-portugal.en.pt.emerita.pt\/wp\/wp-content\/uploads\/2021\/02\/Cong_LinhasDefensivas_2oAn_ING-1024x724.jpg 1024w, https:\/\/archaeologicalfieldcamps-portugal.en.pt.emerita.pt\/wp\/wp-content\/uploads\/2021\/02\/Cong_LinhasDefensivas_2oAn_ING-300x212.jpg 300w, https:\/\/archaeologicalfieldcamps-portugal.en.pt.emerita.pt\/wp\/wp-content\/uploads\/2021\/02\/Cong_LinhasDefensivas_2oAn_ING-768x543.jpg 768w, https:\/\/archaeologicalfieldcamps-portugal.en.pt.emerita.pt\/wp\/wp-content\/uploads\/2021\/02\/Cong_LinhasDefensivas_2oAn_ING-1536x1086.jpg 1536w, https:\/\/archaeologicalfieldcamps-portugal.en.pt.emerita.pt\/wp\/wp-content\/uploads\/2021\/02\/Cong_LinhasDefensivas_2oAn_ING-2048x1448.jpg 2048w\" sizes=\"(max-width: 690px) 100vw, 690px\" \/>\t\t\t\t\t\t\t\t\t\t\t<figcaption class=\"widget-image-caption wp-caption-text\">Cartaz_ENG<\/figcaption>\n\t\t\t\t\t\t\t\t\t\t<\/figure>\n\t\t\t\t\t\t\t\t\t<\/div>\n\t\t\t\t<\/div>\n\t\t\t\t\t<\/div>\n\t\t<\/div>\n\t\t\t\t\t<\/div>\n\t\t<\/section>\n\t\t\t\t<section class=\"elementor-section elementor-top-section elementor-element elementor-element-3f34389 elementor-section-boxed elementor-section-height-default elementor-section-height-default\" data-id=\"3f34389\" data-element_type=\"section\" data-e-type=\"section\">\n\t\t\t\t\t\t<div class=\"elementor-container elementor-column-gap-default\">\n\t\t\t\t\t<div class=\"elementor-column elementor-col-50 elementor-top-column elementor-element elementor-element-ca56cb6\" data-id=\"ca56cb6\" data-element_type=\"column\" data-e-type=\"column\">\n\t\t\t<div class=\"elementor-widget-wrap elementor-element-populated\">\n\t\t\t\t\t\t<div class=\"elementor-element elementor-element-41ecc77 elementor-widget elementor-widget-image\" data-id=\"41ecc77\" data-element_type=\"widget\" data-e-type=\"widget\" data-widget_type=\"image.default\">\n\t\t\t\t<div class=\"elementor-widget-container\">\n\t\t\t\t\t\t\t\t\t\t\t\t<figure class=\"wp-caption\">\n\t\t\t\t\t\t\t\t\t\t<img loading=\"lazy\" decoding=\"async\" width=\"690\" height=\"976\" src=\"https:\/\/archaeologicalfieldcamps-portugal.en.pt.emerita.pt\/wp\/wp-content\/uploads\/2021\/02\/Encenaa\u2206o-Congresso-724x1024.jpg\" class=\"attachment-large size-large wp-image-493\" alt=\"\" srcset=\"https:\/\/archaeologicalfieldcamps-portugal.en.pt.emerita.pt\/wp\/wp-content\/uploads\/2021\/02\/Encenaa\u2206o-Congresso-724x1024.jpg 724w, https:\/\/archaeologicalfieldcamps-portugal.en.pt.emerita.pt\/wp\/wp-content\/uploads\/2021\/02\/Encenaa\u2206o-Congresso-212x300.jpg 212w, https:\/\/archaeologicalfieldcamps-portugal.en.pt.emerita.pt\/wp\/wp-content\/uploads\/2021\/02\/Encenaa\u2206o-Congresso-768x1086.jpg 768w, https:\/\/archaeologicalfieldcamps-portugal.en.pt.emerita.pt\/wp\/wp-content\/uploads\/2021\/02\/Encenaa\u2206o-Congresso-1086x1536.jpg 1086w, https:\/\/archaeologicalfieldcamps-portugal.en.pt.emerita.pt\/wp\/wp-content\/uploads\/2021\/02\/Encenaa\u2206o-Congresso-1448x2048.jpg 1448w, https:\/\/archaeologicalfieldcamps-portugal.en.pt.emerita.pt\/wp\/wp-content\/uploads\/2021\/02\/Encenaa\u2206o-Congresso-scaled.jpg 1810w\" sizes=\"(max-width: 690px) 100vw, 690px\" \/>\t\t\t\t\t\t\t\t\t\t\t<figcaption class=\"widget-image-caption wp-caption-text\">Encena\u00e7\u00e3o militar<\/figcaption>\n\t\t\t\t\t\t\t\t\t\t<\/figure>\n\t\t\t\t\t\t\t\t\t<\/div>\n\t\t\t\t<\/div>\n\t\t\t\t\t<\/div>\n\t\t<\/div>\n\t\t\t\t<div class=\"elementor-column elementor-col-50 elementor-top-column elementor-element elementor-element-c8fbb47\" data-id=\"c8fbb47\" data-element_type=\"column\" data-e-type=\"column\">\n\t\t\t<div class=\"elementor-widget-wrap elementor-element-populated\">\n\t\t\t\t\t\t<div class=\"elementor-element elementor-element-704d017 elementor-widget elementor-widget-image\" data-id=\"704d017\" data-element_type=\"widget\" data-e-type=\"widget\" data-widget_type=\"image.default\">\n\t\t\t\t<div class=\"elementor-widget-container\">\n\t\t\t\t\t\t\t\t\t\t\t\t<figure class=\"wp-caption\">\n\t\t\t\t\t\t\t\t\t\t<img loading=\"lazy\" decoding=\"async\" width=\"690\" height=\"976\" src=\"https:\/\/archaeologicalfieldcamps-portugal.en.pt.emerita.pt\/wp\/wp-content\/uploads\/2021\/02\/Ser\u2206o-Cultural-Congresso-724x1024.jpg\" class=\"attachment-large size-large wp-image-491\" alt=\"\" srcset=\"https:\/\/archaeologicalfieldcamps-portugal.en.pt.emerita.pt\/wp\/wp-content\/uploads\/2021\/02\/Ser\u2206o-Cultural-Congresso-724x1024.jpg 724w, https:\/\/archaeologicalfieldcamps-portugal.en.pt.emerita.pt\/wp\/wp-content\/uploads\/2021\/02\/Ser\u2206o-Cultural-Congresso-212x300.jpg 212w, https:\/\/archaeologicalfieldcamps-portugal.en.pt.emerita.pt\/wp\/wp-content\/uploads\/2021\/02\/Ser\u2206o-Cultural-Congresso-768x1086.jpg 768w, https:\/\/archaeologicalfieldcamps-portugal.en.pt.emerita.pt\/wp\/wp-content\/uploads\/2021\/02\/Ser\u2206o-Cultural-Congresso-1086x1536.jpg 1086w, https:\/\/archaeologicalfieldcamps-portugal.en.pt.emerita.pt\/wp\/wp-content\/uploads\/2021\/02\/Ser\u2206o-Cultural-Congresso-1448x2048.jpg 1448w, https:\/\/archaeologicalfieldcamps-portugal.en.pt.emerita.pt\/wp\/wp-content\/uploads\/2021\/02\/Ser\u2206o-Cultural-Congresso-scaled.jpg 1810w\" sizes=\"(max-width: 690px) 100vw, 690px\" \/>\t\t\t\t\t\t\t\t\t\t\t<figcaption class=\"widget-image-caption wp-caption-text\">Ser\u00e3o cultural<\/figcaption>\n\t\t\t\t\t\t\t\t\t\t<\/figure>\n\t\t\t\t\t\t\t\t\t<\/div>\n\t\t\t\t<\/div>\n\t\t\t\t\t<\/div>\n\t\t<\/div>\n\t\t\t\t\t<\/div>\n\t\t<\/section>\n\t\t\t\t<section class=\"elementor-section elementor-top-section elementor-element elementor-element-1556579 elementor-section-boxed elementor-section-height-default elementor-section-height-default\" data-id=\"1556579\" data-element_type=\"section\" data-e-type=\"section\">\n\t\t\t\t\t\t<div class=\"elementor-container elementor-column-gap-default\">\n\t\t\t\t\t<div class=\"elementor-column elementor-col-100 elementor-top-column elementor-element elementor-element-d933ad2\" data-id=\"d933ad2\" data-element_type=\"column\" data-e-type=\"column\">\n\t\t\t<div class=\"elementor-widget-wrap elementor-element-populated\">\n\t\t\t\t\t\t<div class=\"elementor-element elementor-element-399e62a elementor-widget elementor-widget-image\" data-id=\"399e62a\" data-element_type=\"widget\" data-e-type=\"widget\" data-widget_type=\"image.default\">\n\t\t\t\t<div class=\"elementor-widget-container\">\n\t\t\t\t\t\t\t\t\t\t\t\t\t\t\t<img loading=\"lazy\" decoding=\"async\" width=\"690\" height=\"96\" src=\"https:\/\/archaeologicalfieldcamps-portugal.en.pt.emerita.pt\/wp\/wp-content\/uploads\/2021\/02\/Rodape\u0301-1024x142.jpg\" class=\"attachment-large size-large wp-image-1057\" alt=\"\" srcset=\"https:\/\/archaeologicalfieldcamps-portugal.en.pt.emerita.pt\/wp\/wp-content\/uploads\/2021\/02\/Rodape\u0301-1024x142.jpg 1024w, https:\/\/archaeologicalfieldcamps-portugal.en.pt.emerita.pt\/wp\/wp-content\/uploads\/2021\/02\/Rodape\u0301-300x42.jpg 300w, https:\/\/archaeologicalfieldcamps-portugal.en.pt.emerita.pt\/wp\/wp-content\/uploads\/2021\/02\/Rodape\u0301-768x106.jpg 768w, https:\/\/archaeologicalfieldcamps-portugal.en.pt.emerita.pt\/wp\/wp-content\/uploads\/2021\/02\/Rodape\u0301-1536x213.jpg 1536w, https:\/\/archaeologicalfieldcamps-portugal.en.pt.emerita.pt\/wp\/wp-content\/uploads\/2021\/02\/Rodape\u0301-2048x284.jpg 2048w\" sizes=\"(max-width: 690px) 100vw, 690px\" \/>\t\t\t\t\t\t\t\t\t\t\t\t\t\t\t<\/div>\n\t\t\t\t<\/div>\n\t\t\t\t\t<\/div>\n\t\t<\/div>\n\t\t\t\t\t<\/div>\n\t\t<\/section>\n\t\t\t\t<\/div>\n\t\t","protected":false},"excerpt":{"rendered":"<p>Information about the International Congress of Archeology and History &#8211; The Defensive Lines between the 17th century and Napoleon. Apresenta\u00e7\u00e3o (PDF) Organiza\u00e7\u00e3o (PDF) Comiss\u00e3o Cient\u00edfica (PDF) Comiss\u00e3o de Honra (PDF) Resumos (PDF) Parceiros (PDF) Textos Projeto LTDM (PDF) Roteiro fotogr\u00e1fico\u00a0(PDF) Presentation (PDF) Organization (PDF) Scientific Committee (PDF) Honor Committee (PDF) Lectures (PDF) Partners (PDF) Texts<br \/><a class=\"moretag\" href=\"https:\/\/archaeologicalfieldcamps-portugal.en.pt.emerita.pt\/wp\/2018\/02\/25\/congresso-linhas-defensivas\/\">+ Read More<\/a><\/p>\n","protected":false},"author":1,"featured_media":520,"comment_status":"closed","ping_status":"closed","sticky":false,"template":"elementor_header_footer","format":"standard","meta":{"footnotes":""},"categories":[4],"tags":[],"class_list":["post-1033","post","type-post","status-publish","format-standard","has-post-thumbnail","hentry","category-congressos"],"_links":{"self":[{"href":"https:\/\/archaeologicalfieldcamps-portugal.en.pt.emerita.pt\/wp\/wp-json\/wp\/v2\/posts\/1033","targetHints":{"allow":["GET"]}}],"collection":[{"href":"https:\/\/archaeologicalfieldcamps-portugal.en.pt.emerita.pt\/wp\/wp-json\/wp\/v2\/posts"}],"about":[{"href":"https:\/\/archaeologicalfieldcamps-portugal.en.pt.emerita.pt\/wp\/wp-json\/wp\/v2\/types\/post"}],"author":[{"embeddable":true,"href":"https:\/\/archaeologicalfieldcamps-portugal.en.pt.emerita.pt\/wp\/wp-json\/wp\/v2\/users\/1"}],"replies":[{"embeddable":true,"href":"https:\/\/archaeologicalfieldcamps-portugal.en.pt.emerita.pt\/wp\/wp-json\/wp\/v2\/comments?post=1033"}],"version-history":[{"count":90,"href":"https:\/\/archaeologicalfieldcamps-portugal.en.pt.emerita.pt\/wp\/wp-json\/wp\/v2\/posts\/1033\/revisions"}],"predecessor-version":[{"id":2028,"href":"https:\/\/archaeologicalfieldcamps-portugal.en.pt.emerita.pt\/wp\/wp-json\/wp\/v2\/posts\/1033\/revisions\/2028"}],"wp:featuredmedia":[{"embeddable":true,"href":"https:\/\/archaeologicalfieldcamps-portugal.en.pt.emerita.pt\/wp\/wp-json\/wp\/v2\/media\/520"}],"wp:attachment":[{"href":"https:\/\/archaeologicalfieldcamps-portugal.en.pt.emerita.pt\/wp\/wp-json\/wp\/v2\/media?parent=1033"}],"wp:term":[{"taxonomy":"category","embeddable":true,"href":"https:\/\/archaeologicalfieldcamps-portugal.en.pt.emerita.pt\/wp\/wp-json\/wp\/v2\/categories?post=1033"},{"taxonomy":"post_tag","embeddable":true,"href":"https:\/\/archaeologicalfieldcamps-portugal.en.pt.emerita.pt\/wp\/wp-json\/wp\/v2\/tags?post=1033"}],"curies":[{"name":"wp","href":"https:\/\/api.w.org\/{rel}","templated":true}]}}